{"id":928,"date":"2021-12-16T09:28:00","date_gmt":"2021-12-16T12:28:00","guid":{"rendered":"https:\/\/webnueva.lafedar.com\/?p=928"},"modified":"2022-12-16T09:28:41","modified_gmt":"2022-12-16T12:28:41","slug":"recibimos-en-nuestras-instalaciones-a-niniek-kun-naryatie-embajadora-de-indonesia","status":"publish","type":"post","link":"https:\/\/lafedar.com\/en\/2021\/12\/recibimos-en-nuestras-instalaciones-a-niniek-kun-naryatie-embajadora-de-indonesia\/","title":{"rendered":"Recibimos en nuestras instalaciones a Niniek Kun Naryatie, embajadora de Indonesia"},"content":{"rendered":"\n<p>En el d\u00eda de ayer tuvimos el agrado de recibir a Niniek Kun Naryatie, embajadora de Indonesia en Laboratorios Lafedar.<\/p>\n\n\n\n<p>El encuentro di\u00f3 lugar a una charla en profundidad sobre las posibilidades de negocio e inserci\u00f3n en el mercado del sudeste asi\u00e1tico y la b\u00fasqueda de un socio comercial estrat\u00e9gico en su pa\u00eds. La iniciativa apunta a poder consolidar nuestra presencia institucional en el continente con el objetivo de amplificar los destinos exportables de Laboratorios Lafedar.<\/p>\n\n\n\n<p><a><\/a>Durante la jornada, recorrimos las prestigiosas instalaciones que tiene nuestro complejo industrial con el objetivo de dimensionar su estructura f\u00edsica.<\/p>\n\n\n\n<p>Niniek Kun Naryatie expres\u00f3: \u201cQuer\u00eda entrar en contacto con hombres de negocios de Entre R\u00edos, Paran\u00e1; incluso con gente del Gobierno Provincial para relevar y consultar el potencial de negocios ya que nunca hab\u00eda visitado una planta farmac\u00e9utica. Eleg\u00ed Lafedar como mi primera experiencia, confirmando que efectivamente hay un gran potencial local en Argentina, principalmente la Provincia Entrerriana.<\/p>\n\n\n\n<p>Me voy muy complacida por la versatilidad que encontramos, en donde encontr\u00e9 diferentes modelos de negocios como la transferencia tecnol\u00f3gica, la exportaci\u00f3n de productos intermedios y terminados para poder explotar las oportunidades de negocio que puedan surgir all\u00ed y aqu\u00ed.<\/p>\n\n\n\n<figure class=\"wp-block-gallery has-nested-images columns-default is-cropped wp-block-gallery-1 is-layout-flex wp-block-gallery-is-layout-flex\">\n<figure class=\"wp-block-image size-large\"><img loading=\"lazy\" decoding=\"async\" width=\"1024\" height=\"1024\" data-id=\"933\" src=\"https:\/\/webnueva.lafedar.com\/wp-content\/uploads\/2022\/12\/266791143_1351856805266254_750921602355119958_n-1024x1024.jpg\" alt=\"\" class=\"wp-image-933\" srcset=\"https:\/\/lafedar.com\/en\/wp-content\/uploads\/2022\/12\/266791143_1351856805266254_750921602355119958_n-1024x1024.jpg 1024w, https:\/\/lafedar.com\/en\/wp-content\/uploads\/2022\/12\/266791143_1351856805266254_750921602355119958_n-300x300.jpg 300w, https:\/\/lafedar.com\/en\/wp-content\/uploads\/2022\/12\/266791143_1351856805266254_750921602355119958_n-150x150.jpg 150w, https:\/\/lafedar.com\/en\/wp-content\/uploads\/2022\/12\/266791143_1351856805266254_750921602355119958_n-768x768.jpg 768w, https:\/\/lafedar.com\/en\/wp-content\/uploads\/2022\/12\/266791143_1351856805266254_750921602355119958_n.jpg 1536w, https:\/\/lafedar.com\/en\/wp-content\/uploads\/2022\/12\/266791143_1351856805266254_750921602355119958_n-600x600.jpg 600w, https:\/\/lafedar.com\/en\/wp-content\/uploads\/2022\/12\/266791143_1351856805266254_750921602355119958_n-200x200.jpg 200w\" sizes=\"auto, (max-width: 1024px) 100vw, 1024px\" \/><\/figure>\n\n\n\n<figure class=\"wp-block-image size-large\"><img loading=\"lazy\" decoding=\"async\" width=\"1024\" height=\"768\" data-id=\"932\" src=\"https:\/\/webnueva.lafedar.com\/wp-content\/uploads\/2022\/12\/263816424_1351854758599792_4725650422014772158_n-1024x768.jpg\" alt=\"\" class=\"wp-image-932\" srcset=\"https:\/\/lafedar.com\/en\/wp-content\/uploads\/2022\/12\/263816424_1351854758599792_4725650422014772158_n-1024x768.jpg 1024w, https:\/\/lafedar.com\/en\/wp-content\/uploads\/2022\/12\/263816424_1351854758599792_4725650422014772158_n-300x225.jpg 300w, https:\/\/lafedar.com\/en\/wp-content\/uploads\/2022\/12\/263816424_1351854758599792_4725650422014772158_n-768x576.jpg 768w, https:\/\/lafedar.com\/en\/wp-content\/uploads\/2022\/12\/263816424_1351854758599792_4725650422014772158_n-1536x1152.jpg 1536w, https:\/\/lafedar.com\/en\/wp-content\/uploads\/2022\/12\/263816424_1351854758599792_4725650422014772158_n-600x450.jpg 600w, https:\/\/lafedar.com\/en\/wp-content\/uploads\/2022\/12\/263816424_1351854758599792_4725650422014772158_n.jpg 2048w\" sizes=\"auto, (max-width: 1024px) 100vw, 1024px\" \/><\/figure>\n\n\n\n<figure class=\"wp-block-image size-large\"><img loading=\"lazy\" decoding=\"async\" width=\"1024\" height=\"682\" data-id=\"931\" src=\"https:\/\/webnueva.lafedar.com\/wp-content\/uploads\/2022\/12\/265977149_1351854848599783_7594022180791511673_n-1024x682.jpg\" alt=\"\" class=\"wp-image-931\" srcset=\"https:\/\/lafedar.com\/en\/wp-content\/uploads\/2022\/12\/265977149_1351854848599783_7594022180791511673_n-1024x682.jpg 1024w, https:\/\/lafedar.com\/en\/wp-content\/uploads\/2022\/12\/265977149_1351854848599783_7594022180791511673_n-300x200.jpg 300w, https:\/\/lafedar.com\/en\/wp-content\/uploads\/2022\/12\/265977149_1351854848599783_7594022180791511673_n-768x512.jpg 768w, https:\/\/lafedar.com\/en\/wp-content\/uploads\/2022\/12\/265977149_1351854848599783_7594022180791511673_n-600x400.jpg 600w, https:\/\/lafedar.com\/en\/wp-content\/uploads\/2022\/12\/265977149_1351854848599783_7594022180791511673_n.jpg 1280w\" sizes=\"auto, (max-width: 1024px) 100vw, 1024px\" \/><\/figure>\n\n\n\n<figure class=\"wp-block-image size-large\"><img loading=\"lazy\" decoding=\"async\" width=\"1024\" height=\"768\" data-id=\"929\" src=\"https:\/\/webnueva.lafedar.com\/wp-content\/uploads\/2022\/12\/266315801_1351854941933107_5773946126462887696_n-1024x768.jpg\" alt=\"\" class=\"wp-image-929\" srcset=\"https:\/\/lafedar.com\/en\/wp-content\/uploads\/2022\/12\/266315801_1351854941933107_5773946126462887696_n-1024x768.jpg 1024w, https:\/\/lafedar.com\/en\/wp-content\/uploads\/2022\/12\/266315801_1351854941933107_5773946126462887696_n-300x225.jpg 300w, https:\/\/lafedar.com\/en\/wp-content\/uploads\/2022\/12\/266315801_1351854941933107_5773946126462887696_n-768x576.jpg 768w, https:\/\/lafedar.com\/en\/wp-content\/uploads\/2022\/12\/266315801_1351854941933107_5773946126462887696_n-1536x1152.jpg 1536w, https:\/\/lafedar.com\/en\/wp-content\/uploads\/2022\/12\/266315801_1351854941933107_5773946126462887696_n-600x450.jpg 600w, https:\/\/lafedar.com\/en\/wp-content\/uploads\/2022\/12\/266315801_1351854941933107_5773946126462887696_n.jpg 2048w\" sizes=\"auto, (max-width: 1024px) 100vw, 1024px\" \/><\/figure>\n<\/figure>\n\n\n\n<p>Como pr\u00f3ximo paso, la primer tarea a seguir va a ser encontrar un aliado, un socio estrat\u00e9gico en la regi\u00f3n que sea lo suficientemente s\u00f3lido para que nosotros podamos desembarcar con algunos de nuestros productos de valor agregado y con especial \u00e9nfasis en el ingreso a trav\u00e9s de Indonesia que pone a disposici\u00f3n un mercado de m\u00e1s de 15 pa\u00edses con acuerdos que hay entre ellos y m\u00e1s de 600 millones de habitantes a donde pueden llegar sus medicamentos.\u201d<\/p>\n\n\n\n<p>Se trat\u00f3 de una instancia propicia para conversar y vigorizar las relaciones comerciales entre ambos pa\u00edses. Fue una jornada muy gratificante que nos entusiasma a pensar en futuras acciones de negocio.<\/p>\n\n\n\n<p>\u00a1Muchas gracias por tu visita Niniek Kun Naryatie!<\/p>\n","protected":false},"excerpt":{"rendered":"<p>En el d\u00eda de ayer tuvimos el agrado de recibir a Niniek Kun Naryatie, embajadora de Indonesia en Laboratorios Lafedar. El encuentro di\u00f3 lugar a una charla en profundidad sobre las posibilidades de negocio e inserci\u00f3n en el mercado del sudeste asi\u00e1tico y la b\u00fasqueda de un socio comercial estrat\u00e9gico en su pa\u00eds. La iniciativa&hellip;<\/p>\n","protected":false},"author":3,"featured_media":930,"comment_status":"closed","ping_status":"open","sticky":false,"template":"","format":"standard","meta":{"footnotes":""},"categories":[1],"tags":[],"class_list":["post-928","post","type-post","status-publish","format-standard","has-post-thumbnail","hentry","category-novedades","category-1","description-off"],"yoast_head":"<!-- This site is optimized with the Yoast SEO plugin v26.1.1 - https:\/\/yoast.com\/wordpress\/plugins\/seo\/ -->\n<title>Recibimos en nuestras instalaciones a Niniek Kun Naryatie, embajadora de Indonesia - Lafedar<\/title>\n<meta name=\"robots\" content=\"index, follow, max-snippet:-1, max-image-preview:large, max-video-preview:-1\" \/>\n<link rel=\"canonical\" href=\"https:\/\/lafedar.com\/en\/2021\/12\/recibimos-en-nuestras-instalaciones-a-niniek-kun-naryatie-embajadora-de-indonesia\/\" \/>\n<meta property=\"og:locale\" content=\"en_US\" \/>\n<meta property=\"og:type\" content=\"article\" \/>\n<meta property=\"og:title\" content=\"Recibimos en nuestras instalaciones a Niniek Kun Naryatie, embajadora de Indonesia - Lafedar\" \/>\n<meta property=\"og:description\" content=\"En el d\u00eda de ayer tuvimos el agrado de recibir a Niniek Kun Naryatie, embajadora de Indonesia en Laboratorios Lafedar. El encuentro di\u00f3 lugar a una charla en profundidad sobre las posibilidades de negocio e inserci\u00f3n en el mercado del sudeste asi\u00e1tico y la b\u00fasqueda de un socio comercial estrat\u00e9gico en su pa\u00eds. La iniciativa&hellip;\" \/>\n<meta property=\"og:url\" content=\"https:\/\/lafedar.com\/en\/2021\/12\/recibimos-en-nuestras-instalaciones-a-niniek-kun-naryatie-embajadora-de-indonesia\/\" \/>\n<meta property=\"og:site_name\" content=\"Lafedar\" \/>\n<meta property=\"article:published_time\" content=\"2021-12-16T12:28:00+00:00\" \/>\n<meta property=\"article:modified_time\" content=\"2022-12-16T12:28:41+00:00\" \/>\n<meta property=\"og:image\" content=\"https:\/\/lafedar.com\/en\/wp-content\/uploads\/2022\/12\/266162223_1351855825266352_2370880566212978399_n.jpg\" \/>\n\t<meta property=\"og:image:width\" content=\"1280\" \/>\n\t<meta property=\"og:image:height\" content=\"853\" \/>\n\t<meta property=\"og:image:type\" content=\"image\/jpeg\" \/>\n<meta name=\"author\" content=\"Mantenimiento\" \/>\n<meta name=\"twitter:card\" content=\"summary_large_image\" \/>\n<meta name=\"twitter:label1\" content=\"Written by\" \/>\n\t<meta name=\"twitter:data1\" content=\"Mantenimiento\" \/>\n\t<meta name=\"twitter:label2\" content=\"Est. reading time\" \/>\n\t<meta name=\"twitter:data2\" content=\"2 minutes\" \/>\n<script type=\"application\/ld+json\" class=\"yoast-schema-graph\">{\"@context\":\"https:\/\/schema.org\",\"@graph\":[{\"@type\":\"WebPage\",\"@id\":\"https:\/\/lafedar.com\/en\/2021\/12\/recibimos-en-nuestras-instalaciones-a-niniek-kun-naryatie-embajadora-de-indonesia\/\",\"url\":\"https:\/\/lafedar.com\/en\/2021\/12\/recibimos-en-nuestras-instalaciones-a-niniek-kun-naryatie-embajadora-de-indonesia\/\",\"name\":\"Recibimos en nuestras instalaciones a Niniek Kun Naryatie, embajadora de Indonesia - Lafedar\",\"isPartOf\":{\"@id\":\"https:\/\/lafedar.com\/en\/#website\"},\"primaryImageOfPage\":{\"@id\":\"https:\/\/lafedar.com\/en\/2021\/12\/recibimos-en-nuestras-instalaciones-a-niniek-kun-naryatie-embajadora-de-indonesia\/#primaryimage\"},\"image\":{\"@id\":\"https:\/\/lafedar.com\/en\/2021\/12\/recibimos-en-nuestras-instalaciones-a-niniek-kun-naryatie-embajadora-de-indonesia\/#primaryimage\"},\"thumbnailUrl\":\"https:\/\/lafedar.com\/en\/wp-content\/uploads\/2022\/12\/266162223_1351855825266352_2370880566212978399_n.jpg\",\"datePublished\":\"2021-12-16T12:28:00+00:00\",\"dateModified\":\"2022-12-16T12:28:41+00:00\",\"author\":{\"@id\":\"https:\/\/lafedar.com\/en\/#\/schema\/person\/69a9631ba206cb5fe5db7e8109bc9ddc\"},\"breadcrumb\":{\"@id\":\"https:\/\/lafedar.com\/en\/2021\/12\/recibimos-en-nuestras-instalaciones-a-niniek-kun-naryatie-embajadora-de-indonesia\/#breadcrumb\"},\"inLanguage\":\"en-US\",\"potentialAction\":[{\"@type\":\"ReadAction\",\"target\":[\"https:\/\/lafedar.com\/en\/2021\/12\/recibimos-en-nuestras-instalaciones-a-niniek-kun-naryatie-embajadora-de-indonesia\/\"]}]},{\"@type\":\"ImageObject\",\"inLanguage\":\"en-US\",\"@id\":\"https:\/\/lafedar.com\/en\/2021\/12\/recibimos-en-nuestras-instalaciones-a-niniek-kun-naryatie-embajadora-de-indonesia\/#primaryimage\",\"url\":\"https:\/\/lafedar.com\/en\/wp-content\/uploads\/2022\/12\/266162223_1351855825266352_2370880566212978399_n.jpg\",\"contentUrl\":\"https:\/\/lafedar.com\/en\/wp-content\/uploads\/2022\/12\/266162223_1351855825266352_2370880566212978399_n.jpg\",\"width\":1280,\"height\":853},{\"@type\":\"BreadcrumbList\",\"@id\":\"https:\/\/lafedar.com\/en\/2021\/12\/recibimos-en-nuestras-instalaciones-a-niniek-kun-naryatie-embajadora-de-indonesia\/#breadcrumb\",\"itemListElement\":[{\"@type\":\"ListItem\",\"position\":1,\"name\":\"Portada\",\"item\":\"https:\/\/lafedar.com\/en\/\"},{\"@type\":\"ListItem\",\"position\":2,\"name\":\"Recibimos en nuestras instalaciones a Niniek Kun Naryatie, embajadora de Indonesia\"}]},{\"@type\":\"WebSite\",\"@id\":\"https:\/\/lafedar.com\/en\/#website\",\"url\":\"https:\/\/lafedar.com\/en\/\",\"name\":\"Lafedar\",\"description\":\"\",\"potentialAction\":[{\"@type\":\"SearchAction\",\"target\":{\"@type\":\"EntryPoint\",\"urlTemplate\":\"https:\/\/lafedar.com\/en\/?s={search_term_string}\"},\"query-input\":{\"@type\":\"PropertyValueSpecification\",\"valueRequired\":true,\"valueName\":\"search_term_string\"}}],\"inLanguage\":\"en-US\"},{\"@type\":\"Person\",\"@id\":\"https:\/\/lafedar.com\/en\/#\/schema\/person\/69a9631ba206cb5fe5db7e8109bc9ddc\",\"name\":\"Mantenimiento\",\"image\":{\"@type\":\"ImageObject\",\"inLanguage\":\"en-US\",\"@id\":\"https:\/\/lafedar.com\/en\/#\/schema\/person\/image\/\",\"url\":\"https:\/\/secure.gravatar.com\/avatar\/c3d513710f1fe9b1ab47c207b2acd47b2059fda120a7c78a3a85804faa52fed8?s=96&d=mm&r=g\",\"contentUrl\":\"https:\/\/secure.gravatar.com\/avatar\/c3d513710f1fe9b1ab47c207b2acd47b2059fda120a7c78a3a85804faa52fed8?s=96&d=mm&r=g\",\"caption\":\"Mantenimiento\"},\"url\":\"https:\/\/lafedar.com\/en\/author\/mantenimiento\/\"}]}<\/script>\n<!-- \/ Yoast SEO plugin. -->","yoast_head_json":{"title":"Recibimos en nuestras instalaciones a Niniek Kun Naryatie, embajadora de Indonesia - Lafedar","robots":{"index":"index","follow":"follow","max-snippet":"max-snippet:-1","max-image-preview":"max-image-preview:large","max-video-preview":"max-video-preview:-1"},"canonical":"https:\/\/lafedar.com\/en\/2021\/12\/recibimos-en-nuestras-instalaciones-a-niniek-kun-naryatie-embajadora-de-indonesia\/","og_locale":"en_US","og_type":"article","og_title":"Recibimos en nuestras instalaciones a Niniek Kun Naryatie, embajadora de Indonesia - Lafedar","og_description":"En el d\u00eda de ayer tuvimos el agrado de recibir a Niniek Kun Naryatie, embajadora de Indonesia en Laboratorios Lafedar. El encuentro di\u00f3 lugar a una charla en profundidad sobre las posibilidades de negocio e inserci\u00f3n en el mercado del sudeste asi\u00e1tico y la b\u00fasqueda de un socio comercial estrat\u00e9gico en su pa\u00eds. La iniciativa&hellip;","og_url":"https:\/\/lafedar.com\/en\/2021\/12\/recibimos-en-nuestras-instalaciones-a-niniek-kun-naryatie-embajadora-de-indonesia\/","og_site_name":"Lafedar","article_published_time":"2021-12-16T12:28:00+00:00","article_modified_time":"2022-12-16T12:28:41+00:00","og_image":[{"width":1280,"height":853,"url":"https:\/\/lafedar.com\/en\/wp-content\/uploads\/2022\/12\/266162223_1351855825266352_2370880566212978399_n.jpg","type":"image\/jpeg"}],"author":"Mantenimiento","twitter_card":"summary_large_image","twitter_misc":{"Written by":"Mantenimiento","Est. reading time":"2 minutes"},"schema":{"@context":"https:\/\/schema.org","@graph":[{"@type":"WebPage","@id":"https:\/\/lafedar.com\/en\/2021\/12\/recibimos-en-nuestras-instalaciones-a-niniek-kun-naryatie-embajadora-de-indonesia\/","url":"https:\/\/lafedar.com\/en\/2021\/12\/recibimos-en-nuestras-instalaciones-a-niniek-kun-naryatie-embajadora-de-indonesia\/","name":"Recibimos en nuestras instalaciones a Niniek Kun Naryatie, embajadora de Indonesia - Lafedar","isPartOf":{"@id":"https:\/\/lafedar.com\/en\/#website"},"primaryImageOfPage":{"@id":"https:\/\/lafedar.com\/en\/2021\/12\/recibimos-en-nuestras-instalaciones-a-niniek-kun-naryatie-embajadora-de-indonesia\/#primaryimage"},"image":{"@id":"https:\/\/lafedar.com\/en\/2021\/12\/recibimos-en-nuestras-instalaciones-a-niniek-kun-naryatie-embajadora-de-indonesia\/#primaryimage"},"thumbnailUrl":"https:\/\/lafedar.com\/en\/wp-content\/uploads\/2022\/12\/266162223_1351855825266352_2370880566212978399_n.jpg","datePublished":"2021-12-16T12:28:00+00:00","dateModified":"2022-12-16T12:28:41+00:00","author":{"@id":"https:\/\/lafedar.com\/en\/#\/schema\/person\/69a9631ba206cb5fe5db7e8109bc9ddc"},"breadcrumb":{"@id":"https:\/\/lafedar.com\/en\/2021\/12\/recibimos-en-nuestras-instalaciones-a-niniek-kun-naryatie-embajadora-de-indonesia\/#breadcrumb"},"inLanguage":"en-US","potentialAction":[{"@type":"ReadAction","target":["https:\/\/lafedar.com\/en\/2021\/12\/recibimos-en-nuestras-instalaciones-a-niniek-kun-naryatie-embajadora-de-indonesia\/"]}]},{"@type":"ImageObject","inLanguage":"en-US","@id":"https:\/\/lafedar.com\/en\/2021\/12\/recibimos-en-nuestras-instalaciones-a-niniek-kun-naryatie-embajadora-de-indonesia\/#primaryimage","url":"https:\/\/lafedar.com\/en\/wp-content\/uploads\/2022\/12\/266162223_1351855825266352_2370880566212978399_n.jpg","contentUrl":"https:\/\/lafedar.com\/en\/wp-content\/uploads\/2022\/12\/266162223_1351855825266352_2370880566212978399_n.jpg","width":1280,"height":853},{"@type":"BreadcrumbList","@id":"https:\/\/lafedar.com\/en\/2021\/12\/recibimos-en-nuestras-instalaciones-a-niniek-kun-naryatie-embajadora-de-indonesia\/#breadcrumb","itemListElement":[{"@type":"ListItem","position":1,"name":"Portada","item":"https:\/\/lafedar.com\/en\/"},{"@type":"ListItem","position":2,"name":"Recibimos en nuestras instalaciones a Niniek Kun Naryatie, embajadora de Indonesia"}]},{"@type":"WebSite","@id":"https:\/\/lafedar.com\/en\/#website","url":"https:\/\/lafedar.com\/en\/","name":"Lafedar","description":"","potentialAction":[{"@type":"SearchAction","target":{"@type":"EntryPoint","urlTemplate":"https:\/\/lafedar.com\/en\/?s={search_term_string}"},"query-input":{"@type":"PropertyValueSpecification","valueRequired":true,"valueName":"search_term_string"}}],"inLanguage":"en-US"},{"@type":"Person","@id":"https:\/\/lafedar.com\/en\/#\/schema\/person\/69a9631ba206cb5fe5db7e8109bc9ddc","name":"Mantenimiento","image":{"@type":"ImageObject","inLanguage":"en-US","@id":"https:\/\/lafedar.com\/en\/#\/schema\/person\/image\/","url":"https:\/\/secure.gravatar.com\/avatar\/c3d513710f1fe9b1ab47c207b2acd47b2059fda120a7c78a3a85804faa52fed8?s=96&d=mm&r=g","contentUrl":"https:\/\/secure.gravatar.com\/avatar\/c3d513710f1fe9b1ab47c207b2acd47b2059fda120a7c78a3a85804faa52fed8?s=96&d=mm&r=g","caption":"Mantenimiento"},"url":"https:\/\/lafedar.com\/en\/author\/mantenimiento\/"}]}},"_links":{"self":[{"href":"https:\/\/lafedar.com\/en\/wp-json\/wp\/v2\/posts\/928","targetHints":{"allow":["GET"]}}],"collection":[{"href":"https:\/\/lafedar.com\/en\/wp-json\/wp\/v2\/posts"}],"about":[{"href":"https:\/\/lafedar.com\/en\/wp-json\/wp\/v2\/types\/post"}],"author":[{"embeddable":true,"href":"https:\/\/lafedar.com\/en\/wp-json\/wp\/v2\/users\/3"}],"replies":[{"embeddable":true,"href":"https:\/\/lafedar.com\/en\/wp-json\/wp\/v2\/comments?post=928"}],"version-history":[{"count":1,"href":"https:\/\/lafedar.com\/en\/wp-json\/wp\/v2\/posts\/928\/revisions"}],"predecessor-version":[{"id":934,"href":"https:\/\/lafedar.com\/en\/wp-json\/wp\/v2\/posts\/928\/revisions\/934"}],"wp:featuredmedia":[{"embeddable":true,"href":"https:\/\/lafedar.com\/en\/wp-json\/wp\/v2\/media\/930"}],"wp:attachment":[{"href":"https:\/\/lafedar.com\/en\/wp-json\/wp\/v2\/media?parent=928"}],"wp:term":[{"taxonomy":"category","embeddable":true,"href":"https:\/\/lafedar.com\/en\/wp-json\/wp\/v2\/categories?post=928"},{"taxonomy":"post_tag","embeddable":true,"href":"https:\/\/lafedar.com\/en\/wp-json\/wp\/v2\/tags?post=928"}],"curies":[{"name":"wp","href":"https:\/\/api.w.org\/{rel}","templated":true}]}}